{"id":28304,"date":"2018-11-09T20:27:55","date_gmt":"2018-11-09T19:27:55","guid":{"rendered":"https:\/\/www.charmenapoli.it\/?p=28304"},"modified":"2018-11-09T21:04:52","modified_gmt":"2018-11-09T20:04:52","slug":"catacombe-di-san-gennaro-a-rischio-chiusura-petizione-popolare-27-mila-firme-in-poche-ore","status":"publish","type":"post","link":"https:\/\/www.charmenapoli.it\/en\/news\/catacombe-di-san-gennaro-a-rischio-chiusura-petizione-popolare-27-mila-firme-in-poche-ore\/","title":{"rendered":"(Italiano) Catacombe di San Gennaro a rischio chiusura, petizione popolare: 27 mila firme in poche ore"},"content":{"rendered":"<p class=\"qtranxs-available-languages-message qtranxs-available-languages-message-en\">Sorry, this entry is only available in <a href=\"https:\/\/www.charmenapoli.it\/it\/wp-json\/wp\/v2\/posts\/28304\" class=\"qtranxs-available-language-link qtranxs-available-language-link-it\" title=\"Italiano\">Italiano<\/a>.<\/p><p><strong>Catacombe di San Gennaro<\/strong> a rischio chiusura. I giovani del Rione Sanit\u00e0 le hanno prese in gestione, pulite, ristrutturate, rese accessibili, mostrate e spiegate ai turisti. Le hanno curate come e meglio della loro casa. Hanno investito giovinezza e sudore sulla loro rinascita. E hanno avuto ragione e successo. Hanno coinvolto un intero quartiere e, soprattutto, lo hanno aiutato a trasformarsi da ghetto invalicabile a rione aperto alla cultura e al turismo. In dieci anni hanno portato da 5 a 100 mila i visitatori. Si sono dati e costruiti una opportunit\u00e0. E l&#8217;hanno data al quartiere intero. Cinquanta giovani hanno trovato lavoro e una nuova vita.<\/p>\n<p>Ma ora la Commissione Pontificia di\u00a0Archeologia Sacra del Vaticano rivendica addirittura il 50% degli incassi derivanti dalla gestione delle Catacombe di San Gennaro, una somma stimata in circa 700 mila euro. Una pretesa che suona come il <strong>de profundis delle catacombe,<\/strong> la <strong>sacra unzione di un sogno<\/strong>, la <strong>sepoltura di un modello<\/strong> di valorizzazione del patrimonio storico e di riconversione sociale di un&#8217;area cittadina. Quello dei ragazzi del Rione Sanit\u00e0, della cooperativa sociale La Paranza e de la onlus L&#8217;Altra Napoli \u00e8 un esempio per il mondo intero, un modello studiato da un&#8217;infinit\u00e0 di universit\u00e0. Eppure, deve rispondere alle pretese contrattuali del padrone delle mura. Pardon, delle cave di tufo lasciate per decenni al degrado.<\/p>\n<figure id=\"attachment_28309\" aria-describedby=\"caption-attachment-28309\" style=\"width: 300px\" class=\"wp-caption alignright\"><img loading=\"lazy\" decoding=\"async\" class=\"size-medium wp-image-28309\" src=\"https:\/\/www.charmenapoli.it\/wp-content\/uploads\/2018\/11\/Catacombe-di-San-Gennario-a-rishio-chiusura.-Il-cartello-di-protesta-al-Rione-Sanit\u00e0-foto-Ansa-300x225.jpg\" alt=\"\" width=\"300\" height=\"225\" srcset=\"https:\/\/www.charmenapoli.it\/wp-content\/uploads\/2018\/11\/Catacombe-di-San-Gennario-a-rishio-chiusura.-Il-cartello-di-protesta-al-Rione-Sanit\u00e0-foto-Ansa-300x225.jpg 300w, https:\/\/www.charmenapoli.it\/wp-content\/uploads\/2018\/11\/Catacombe-di-San-Gennario-a-rishio-chiusura.-Il-cartello-di-protesta-al-Rione-Sanit\u00e0-foto-Ansa-80x60.jpg 80w, https:\/\/www.charmenapoli.it\/wp-content\/uploads\/2018\/11\/Catacombe-di-San-Gennario-a-rishio-chiusura.-Il-cartello-di-protesta-al-Rione-Sanit\u00e0-foto-Ansa-265x198.jpg 265w, https:\/\/www.charmenapoli.it\/wp-content\/uploads\/2018\/11\/Catacombe-di-San-Gennario-a-rishio-chiusura.-Il-cartello-di-protesta-al-Rione-Sanit\u00e0-foto-Ansa-696x522.jpg 696w, https:\/\/www.charmenapoli.it\/wp-content\/uploads\/2018\/11\/Catacombe-di-San-Gennario-a-rishio-chiusura.-Il-cartello-di-protesta-al-Rione-Sanit\u00e0-foto-Ansa-560x420.jpg 560w, https:\/\/www.charmenapoli.it\/wp-content\/uploads\/2018\/11\/Catacombe-di-San-Gennario-a-rishio-chiusura.-Il-cartello-di-protesta-al-Rione-Sanit\u00e0-foto-Ansa.jpg 700w\" sizes=\"auto, (max-width: 300px) 100vw, 300px\" \/><figcaption id=\"caption-attachment-28309\" class=\"wp-caption-text\">Catacombe di San Gennaro a rischio chiusura: cartello di protesta di un esercente del Rione Sanit\u00e0 (foto Ansa)<\/figcaption><\/figure>\n<p>Quel folto gruppo di giovani del quartiere ha dimostrato un valore che gente molto pi\u00f9 matura non aveva voluto o saputo esprimere. A sostegno di quei giovani si muove oggi il Rione Sanit\u00e0 e la citt\u00e0 intera, si ribella alle esose pretese della speciale Commissione del Vaticano. &#8220;Non togliete le Catacombe a quei ragazzi&#8221;, grida la gente di Napoli e non solo. I negozi espongono cartelli che gridano alla &#8220;vergogna&#8221; e che spingono a non demordere. Ci crede ancora il Rione. Ci credono ancora i giovani della cooperativa La Paranza e de L&#8217;Altra Napoli. E lanciano una petizione popolare, che in pochissime ore ha raggiunto le 27 mila sottoscrizioni da tutta Italia. E&#8217; un appello a Papa Francesco perch\u00e9 intervenga su una burocrazia vaticana che non pu\u00f2 pensare di rispondere solo ai dettami del business anzich\u00e9 a quelli del Vangelo.<\/p>\n<p>Ecco di seguito la lettera-petizione al Santo Padre.<\/p>\n<p><em>&#8220;Santo Padre, ci appelliamo a Lei per risolvere una spiacevole vicenda che da alcuni giorni trova spazio sulla stampa locale e nazionale. La Commissione Pontificia di Archeologia Sacra ha rivendicato il 50% degli incassi delle Catacombe di San Gennaro di Napoli, che da alcuni anni sono affidate alla gestione di una cooperativa di giovani del Rione Sanit\u00e0 di Napoli.<\/em><\/p>\n<p><em>Non compete a noi entrare nel merito di questioni formali, ma sentiamo il dovere di fornire alcuni elementi di riflessione per rivedere questa richiesta che appare economicamente insostenibile.<\/em><\/p>\n<p><em>Fino al 2008, quel sito era fortemente dimesso, degradato e scarsamente fruibile. Tant\u2019\u00e8 che gli scarsi 5 mila visitatori annui erano costretti a concordare la data della visita con gli uffici dell\u2019ispettorato per le catacombe della Campania della Pontificia Commissione di Archeologia Sacra.<\/em><\/p>\n<p><em>Per queste ragioni, un piccolo gruppo di giovani del Rione Sanit\u00e0, sulla spinta del parroco Padre Antonio Loffredo, decise di riunirsi in una cooperativa sociale e di richiedere l\u2019affidamento delle Catacombe con l\u2019obiettivo di riqualificarle ed aprirle al grande pubblico.<\/em><\/p>\n<p><em>Predisposero un progetto che convinse alcuni soggetti privati, prima di tutti Fondazione con il Sud, a sostenere un investimento iniziale di 500 mila euro, risorse destinate alla realizzazione di un moderno impianto di illuminazione, alla ristrutturazione dei locali della biglietteria, all\u2019abbattimento delle barriere architettoniche e soprattutto alla loro stessa formazione.<\/em><\/p>\n<p><em>In pochi mesi diedero nuova vita a quel sito dimenticato, si appropriarono della sua storia ed impararono l\u2019inglese ed il francese per poter condurre anche visite guidate di clienti internazionali.<\/em><\/p>\n<p><em>Anno dopo anno i visitatori sono enormemente cresciuti. Dai 5 mila del 2008, siamo arrivati ai 100 mila nel 2017 e saranno circa 150 mila nel 2018, collocando le Catacombe di San Gennaro tra i monumenti pi\u00f9 visitati di Napoli.<\/em><\/p>\n<p><em>Grazie agli incassi della biglietteria, la cooperativa d\u00e0 oggi lavoro a 50 giovani, tra i quali anche alcuni con trascorsi difficili, e produce le risorse necessarie per garantire al sito una adeguata manutenzione ed un costante flusso di investimenti in restauri e migliorie che in questi anni hanno superato l\u2019incredibile cifra di 2 milioni di euro.<\/em><\/p>\n<p><em>L\u2019esperienza delle Catacombe di Napoli \u00e8 oggi considerata a livello internazionale un modello da seguire per la valorizzazione dell\u2019enorme patrimonio artistico di cui il nostro Paese \u00e8 ricco. Quando il proprietario, che sia la Chiesa o lo Stato, non ha le risorse necessarie per gestire queste ricchezze, pu\u00f2 essere la societ\u00e0 civile ad organizzarsi per garantirne la fruizione.<\/em><\/p>\n<p><em>Questo successo non \u00e8 un caso. E\u2019 il risultato del duro lavoro di quei giovani, della loro passione per il territorio in cui sono cresciuti e della loro capacit\u00e0 di trasmettere a sponsor ed ai visitatori l\u2019enorme valore sociale di quel luogo, che va al di l\u00e0 della mera valorizzazione del bene artistico.<\/em><br \/>\n<em>Le Catacombe di San Gennaro, infatti, sono innanzitutto patrimonio del Rione Sanit\u00e0, che in quel luogo affonda la sua storia ma anche le radici del suo futuro. L\u2019esperienza delle Catacombe ha interrotto l\u2019isolamento culturale del quartiere che durava da secoli e ha generato straordinarie ricadute economiche e sociali per tutti i suoi abitanti, ai quali \u00e8 offerta una concreta prospettiva di Comunit\u00e0.<\/em><\/p>\n<p><em>E\u2019 per tutte queste ragioni che le richieste economiche della Commissione Pontificia non possono essere condivise, quanto meno nell\u2019entit\u00e0, perch\u00e9 determinerebbero la fine di questa straordinaria esperienza.<\/em><\/p>\n<p><em>Del resto gli ingenti investimenti effettuati in quel sito grazie a risorse di sostenitori privati e degli incassi della biglietteria costituiscono gi\u00e0 una adeguata ricompensa per la disponibilit\u00e0 del sito.<\/em><\/p>\n<p><em>Siamo tuttavia convinti che il corrispettivo pi\u00f9 importante che i ragazzi delle Catacombe assicurano quotidianamente sia quello di rappresentare al meglio i valori di una Chiesa che sostiene la speranza attraverso scelte concrete, in grado di rispondere ai problemi economici e sociali del territorio, attraverso un uso intelligente del proprio patrimonio. Questi valori coincidono con quelli che proprio Sua Santit\u00e0 diffonde fin dal giorno del suo insediamento sul soglio pontificio per migliorare il difficile mondo di questi tempi.<\/em><\/p>\n<p><em>Rivolgiamo quindi a Sua Santit\u00e0 un accorato appello perch\u00e9 la Commissione Pontificia di Archeologia Sacra sappia rivedere le proprie richieste, riconoscendo il valore sociale e simbolico della rinascita delle Catacombe di San Gennaro e quindi del Rione Sanit\u00e0. Siamo sicuri che, anche nel rispetto delle regole del Vaticano, si possano trovare soluzioni idonee a garantire il prosieguo di questa straordinaria esperienza che \u00e8 innanzitutto sociale ed umana&#8221;.<\/em><\/p>\n<p>Clicca <strong><a href=\"https:\/\/www.change.org\/p\/papa-francesco-bergoglio-lettera-aperta-per-salvare-le-catacombe-di-napoli?recruiter=912614208&amp;utm_campaign=signature_receipt&amp;utm_medium=facebook&amp;utm_source=share_petition&amp;fbclid=IwAR3j4hC0XTLi9gF2THuBro4P-p3CyjvZ1e7ZygP8TzNtexZTb3j3t4NbEL0\" target=\"_blank\" rel=\"noopener\">qui<\/a>\u00a0<\/strong>per firmare la petizione a Papa Francesco per salvare le Catacombe di San Gennaro dalle pretese economiche del Vaticano.<\/p>","protected":false},"excerpt":{"rendered":"<p>Sorry, this entry is only available in Italiano.Catacombe di San Gennaro a rischio chiusura. I giovani del Rione Sanit\u00e0 le hanno prese in gestione, pulite, ristrutturate, rese accessibili, mostrate e spiegate ai turisti. Le hanno curate come e meglio della loro casa. Hanno investito giovinezza e sudore sulla loro rinascita. E hanno avuto ragione e [&hellip;]<\/p>\n","protected":false},"author":5,"featured_media":8619,"comment_status":"closed","ping_status":"closed","sticky":false,"template":"","format":"standard","meta":{"_jetpack_newsletter_access":"","_jetpack_dont_email_post_to_subs":false,"_jetpack_newsletter_tier_id":0,"_jetpack_memberships_contains_paywalled_content":false,"_jetpack_memberships_contains_paid_content":false,"footnotes":""},"categories":[11],"tags":[8516,11835],"class_list":["post-28304","post","type-post","status-publish","format-standard","has-post-thumbnail","hentry","category-news","tag-catacombe-san-gennaro-napoli","tag-visit-catacombe-naples"],"yoast_head":"<!-- This site is optimized with the Yoast SEO plugin v27.5 - https:\/\/yoast.com\/product\/yoast-seo-wordpress\/ -->\n<title><\/title>\n<meta name=\"description\" content=\"[:it]Catacombe di San Gennaro a rischio chiusura, petizione popolare: 27 mila firme in poche ore[:] - Charme\" \/>\n<meta name=\"robots\" content=\"index, follow, max-snippet:-1, max-image-preview:large, max-video-preview:-1\" \/>\n<link rel=\"canonical\" href=\"https:\/\/www.charmenapoli.it\/en\/news\/catacombe-di-san-gennaro-a-rischio-chiusura-petizione-popolare-27-mila-firme-in-poche-ore\/\" \/>\n<meta property=\"og:locale\" content=\"en_US\" \/>\n<meta property=\"og:type\" content=\"article\" \/>\n<meta property=\"og:title\" content=\"[:it]Catacombe di San Gennaro a rischio chiusura, petizione popolare: 27 mila firme in poche ore[:] - Charme\" \/>\n<meta property=\"og:description\" content=\"[:it]Catacombe di San Gennaro a rischio chiusura, petizione popolare: 27 mila firme in poche ore[:] - Charme\" \/>\n<meta property=\"og:url\" content=\"https:\/\/www.charmenapoli.it\/en\/news\/catacombe-di-san-gennaro-a-rischio-chiusura-petizione-popolare-27-mila-firme-in-poche-ore\/\" \/>\n<meta property=\"og:site_name\" content=\"Charme\" \/>\n<meta property=\"article:publisher\" content=\"https:\/\/www.facebook.com\/CharmeTuttoilbellodiNapoli?fref=ts\" \/>\n<meta property=\"article:published_time\" content=\"2018-11-09T19:27:55+00:00\" \/>\n<meta property=\"article:modified_time\" content=\"2018-11-09T20:04:52+00:00\" \/>\n<meta property=\"og:image\" content=\"https:\/\/www.charmenapoli.it\/wp-content\/uploads\/2017\/02\/logo_web_mobile_bianco_140.png\" \/>\n\t<meta property=\"og:image:width\" content=\"160\" \/>\n\t<meta property=\"og:image:height\" content=\"47\" \/>\n\t<meta property=\"og:image:type\" content=\"image\/png\" \/>\n<meta name=\"author\" content=\"Giorgio Gradogna\" \/>\n<meta name=\"twitter:card\" content=\"summary_large_image\" \/>\n<meta name=\"twitter:creator\" content=\"@CharmeNapoli\" \/>\n<meta name=\"twitter:site\" content=\"@CharmeNapoli\" \/>\n<meta name=\"twitter:label1\" content=\"Written by\" \/>\n\t<meta name=\"twitter:data1\" content=\"Giorgio Gradogna\" \/>\n\t<meta name=\"twitter:label2\" content=\"Est. reading time\" \/>\n\t<meta name=\"twitter:data2\" content=\"6 minutes\" \/>\n<script type=\"application\/ld+json\" class=\"yoast-schema-graph\">{\"@context\":\"https:\\\/\\\/schema.org\",\"@graph\":[{\"@type\":\"Article\",\"@id\":\"https:\\\/\\\/www.charmenapoli.it\\\/en\\\/news\\\/catacombe-di-san-gennaro-a-rischio-chiusura-petizione-popolare-27-mila-firme-in-poche-ore\\\/#article\",\"isPartOf\":{\"@id\":\"https:\\\/\\\/www.charmenapoli.it\\\/en\\\/news\\\/catacombe-di-san-gennaro-a-rischio-chiusura-petizione-popolare-27-mila-firme-in-poche-ore\\\/\"},\"author\":{\"name\":\"Giorgio Gradogna\",\"@id\":\"https:\\\/\\\/www.charmenapoli.it\\\/#\\\/schema\\\/person\\\/ec7c2e94b77c1e258a8ff6d0a356e7eb\"},\"headline\":\"(Italiano) Catacombe di San Gennaro a rischio chiusura, petizione popolare: 27 mila firme in poche ore\",\"datePublished\":\"2018-11-09T19:27:55+00:00\",\"dateModified\":\"2018-11-09T20:04:52+00:00\",\"mainEntityOfPage\":{\"@id\":\"https:\\\/\\\/www.charmenapoli.it\\\/en\\\/news\\\/catacombe-di-san-gennaro-a-rischio-chiusura-petizione-popolare-27-mila-firme-in-poche-ore\\\/\"},\"wordCount\":1142,\"publisher\":{\"@id\":\"https:\\\/\\\/www.charmenapoli.it\\\/#organization\"},\"image\":{\"@id\":\"https:\\\/\\\/www.charmenapoli.it\\\/en\\\/news\\\/catacombe-di-san-gennaro-a-rischio-chiusura-petizione-popolare-27-mila-firme-in-poche-ore\\\/#primaryimage\"},\"thumbnailUrl\":\"https:\\\/\\\/www.charmenapoli.it\\\/wp-content\\\/uploads\\\/2013\\\/12\\\/catacombe-di-san-gennaro.jpg\",\"keywords\":[\"Catacombe San Gennaro Napoli\",\"visit catacombe naples\"],\"articleSection\":[\"News\"],\"inLanguage\":\"en-US\"},{\"@type\":\"WebPage\",\"@id\":\"https:\\\/\\\/www.charmenapoli.it\\\/en\\\/news\\\/catacombe-di-san-gennaro-a-rischio-chiusura-petizione-popolare-27-mila-firme-in-poche-ore\\\/\",\"url\":\"https:\\\/\\\/www.charmenapoli.it\\\/en\\\/news\\\/catacombe-di-san-gennaro-a-rischio-chiusura-petizione-popolare-27-mila-firme-in-poche-ore\\\/\",\"name\":\"[:it]Catacombe di San Gennaro a rischio chiusura, petizione popolare: 27 mila firme in poche ore[:] - Charme\",\"isPartOf\":{\"@id\":\"https:\\\/\\\/www.charmenapoli.it\\\/#website\"},\"primaryImageOfPage\":{\"@id\":\"https:\\\/\\\/www.charmenapoli.it\\\/en\\\/news\\\/catacombe-di-san-gennaro-a-rischio-chiusura-petizione-popolare-27-mila-firme-in-poche-ore\\\/#primaryimage\"},\"image\":{\"@id\":\"https:\\\/\\\/www.charmenapoli.it\\\/en\\\/news\\\/catacombe-di-san-gennaro-a-rischio-chiusura-petizione-popolare-27-mila-firme-in-poche-ore\\\/#primaryimage\"},\"thumbnailUrl\":\"https:\\\/\\\/www.charmenapoli.it\\\/wp-content\\\/uploads\\\/2013\\\/12\\\/catacombe-di-san-gennaro.jpg\",\"datePublished\":\"2018-11-09T19:27:55+00:00\",\"dateModified\":\"2018-11-09T20:04:52+00:00\",\"description\":\"[:it]Catacombe di San Gennaro a rischio chiusura, petizione popolare: 27 mila firme in poche ore[:] - Charme\",\"breadcrumb\":{\"@id\":\"https:\\\/\\\/www.charmenapoli.it\\\/en\\\/news\\\/catacombe-di-san-gennaro-a-rischio-chiusura-petizione-popolare-27-mila-firme-in-poche-ore\\\/#breadcrumb\"},\"inLanguage\":\"en-US\",\"potentialAction\":[{\"@type\":\"ReadAction\",\"target\":[\"https:\\\/\\\/www.charmenapoli.it\\\/en\\\/news\\\/catacombe-di-san-gennaro-a-rischio-chiusura-petizione-popolare-27-mila-firme-in-poche-ore\\\/\"]}]},{\"@type\":\"ImageObject\",\"inLanguage\":\"en-US\",\"@id\":\"https:\\\/\\\/www.charmenapoli.it\\\/en\\\/news\\\/catacombe-di-san-gennaro-a-rischio-chiusura-petizione-popolare-27-mila-firme-in-poche-ore\\\/#primaryimage\",\"url\":\"https:\\\/\\\/www.charmenapoli.it\\\/wp-content\\\/uploads\\\/2013\\\/12\\\/catacombe-di-san-gennaro.jpg\",\"contentUrl\":\"https:\\\/\\\/www.charmenapoli.it\\\/wp-content\\\/uploads\\\/2013\\\/12\\\/catacombe-di-san-gennaro.jpg\",\"width\":\"550\",\"height\":\"366\",\"caption\":\"Le catacombe di San Gennaro\"},{\"@type\":\"BreadcrumbList\",\"@id\":\"https:\\\/\\\/www.charmenapoli.it\\\/en\\\/news\\\/catacombe-di-san-gennaro-a-rischio-chiusura-petizione-popolare-27-mila-firme-in-poche-ore\\\/#breadcrumb\",\"itemListElement\":[{\"@type\":\"ListItem\",\"position\":1,\"name\":\"Home\",\"item\":\"https:\\\/\\\/www.charmenapoli.it\\\/\"},{\"@type\":\"ListItem\",\"position\":2,\"name\":\"(Italiano) Catacombe di San Gennaro a rischio chiusura, petizione popolare: 27 mila firme in poche ore\"}]},{\"@type\":\"WebSite\",\"@id\":\"https:\\\/\\\/www.charmenapoli.it\\\/#website\",\"url\":\"https:\\\/\\\/www.charmenapoli.it\\\/\",\"name\":\"Charme\",\"description\":\"Tutto il bello e il buono di Napoli e della Campania\",\"publisher\":{\"@id\":\"https:\\\/\\\/www.charmenapoli.it\\\/#organization\"},\"potentialAction\":[{\"@type\":\"SearchAction\",\"target\":{\"@type\":\"EntryPoint\",\"urlTemplate\":\"https:\\\/\\\/www.charmenapoli.it\\\/?s={search_term_string}\"},\"query-input\":{\"@type\":\"PropertyValueSpecification\",\"valueRequired\":true,\"valueName\":\"search_term_string\"}}],\"inLanguage\":\"en-US\"},{\"@type\":\"Organization\",\"@id\":\"https:\\\/\\\/www.charmenapoli.it\\\/#organization\",\"name\":\"Sisicom soc. coop.\",\"url\":\"https:\\\/\\\/www.charmenapoli.it\\\/\",\"logo\":{\"@type\":\"ImageObject\",\"inLanguage\":\"en-US\",\"@id\":\"https:\\\/\\\/www.charmenapoli.it\\\/#\\\/schema\\\/logo\\\/image\\\/\",\"url\":\"https:\\\/\\\/www.charmenapoli.it\\\/wp-content\\\/uploads\\\/2017\\\/02\\\/logo_web_home_200.png\",\"contentUrl\":\"https:\\\/\\\/www.charmenapoli.it\\\/wp-content\\\/uploads\\\/2017\\\/02\\\/logo_web_home_200.png\",\"width\":272,\"height\":90,\"caption\":\"Sisicom soc. coop.\"},\"image\":{\"@id\":\"https:\\\/\\\/www.charmenapoli.it\\\/#\\\/schema\\\/logo\\\/image\\\/\"},\"sameAs\":[\"https:\\\/\\\/www.facebook.com\\\/CharmeTuttoilbellodiNapoli?fref=ts\",\"https:\\\/\\\/x.com\\\/CharmeNapoli\",\"https:\\\/\\\/www.instagram.com\\\/charmenapoli\\\/\",\"https:\\\/\\\/it.pinterest.com\\\/UnaMostra\\\/charmenapoliit\\\/\"]},{\"@type\":\"Person\",\"@id\":\"https:\\\/\\\/www.charmenapoli.it\\\/#\\\/schema\\\/person\\\/ec7c2e94b77c1e258a8ff6d0a356e7eb\",\"name\":\"Giorgio Gradogna\",\"image\":{\"@type\":\"ImageObject\",\"inLanguage\":\"en-US\",\"@id\":\"https:\\\/\\\/secure.gravatar.com\\\/avatar\\\/5fd38e0acd18294d13fcf5f873b2172aa135607a9dafbab41270a01382c9ec43?s=96&d=mm&r=g\",\"url\":\"https:\\\/\\\/secure.gravatar.com\\\/avatar\\\/5fd38e0acd18294d13fcf5f873b2172aa135607a9dafbab41270a01382c9ec43?s=96&d=mm&r=g\",\"contentUrl\":\"https:\\\/\\\/secure.gravatar.com\\\/avatar\\\/5fd38e0acd18294d13fcf5f873b2172aa135607a9dafbab41270a01382c9ec43?s=96&d=mm&r=g\",\"caption\":\"Giorgio Gradogna\"},\"url\":\"https:\\\/\\\/www.charmenapoli.it\\\/en\\\/author\\\/giorgio\\\/\"}]}<\/script>\n<!-- \/ Yoast SEO plugin. -->","yoast_head_json":{"title":"[:it]Catacombe di San Gennaro a rischio chiusura, petizione popolare: 27 mila firme in poche ore[:] - Charme","description":"[:it]Catacombe di San Gennaro a rischio chiusura, petizione popolare: 27 mila firme in poche ore[:] - Charme","robots":{"index":"index","follow":"follow","max-snippet":"max-snippet:-1","max-image-preview":"max-image-preview:large","max-video-preview":"max-video-preview:-1"},"canonical":"https:\/\/www.charmenapoli.it\/en\/news\/catacombe-di-san-gennaro-a-rischio-chiusura-petizione-popolare-27-mila-firme-in-poche-ore\/","og_locale":"en_US","og_type":"article","og_title":"[:it]Catacombe di San Gennaro a rischio chiusura, petizione popolare: 27 mila firme in poche ore[:] - Charme","og_description":"[:it]Catacombe di San Gennaro a rischio chiusura, petizione popolare: 27 mila firme in poche ore[:] - Charme","og_url":"https:\/\/www.charmenapoli.it\/en\/news\/catacombe-di-san-gennaro-a-rischio-chiusura-petizione-popolare-27-mila-firme-in-poche-ore\/","og_site_name":"Charme","article_publisher":"https:\/\/www.facebook.com\/CharmeTuttoilbellodiNapoli?fref=ts","article_published_time":"2018-11-09T19:27:55+00:00","article_modified_time":"2018-11-09T20:04:52+00:00","og_image":[{"width":160,"height":47,"url":"https:\/\/www.charmenapoli.it\/wp-content\/uploads\/2017\/02\/logo_web_mobile_bianco_140.png","type":"image\/png"}],"author":"Giorgio Gradogna","twitter_card":"summary_large_image","twitter_creator":"@CharmeNapoli","twitter_site":"@CharmeNapoli","twitter_misc":{"Written by":"Giorgio Gradogna","Est. reading time":"6 minutes"},"schema":{"@context":"https:\/\/schema.org","@graph":[{"@type":"Article","@id":"https:\/\/www.charmenapoli.it\/en\/news\/catacombe-di-san-gennaro-a-rischio-chiusura-petizione-popolare-27-mila-firme-in-poche-ore\/#article","isPartOf":{"@id":"https:\/\/www.charmenapoli.it\/en\/news\/catacombe-di-san-gennaro-a-rischio-chiusura-petizione-popolare-27-mila-firme-in-poche-ore\/"},"author":{"name":"Giorgio Gradogna","@id":"https:\/\/www.charmenapoli.it\/#\/schema\/person\/ec7c2e94b77c1e258a8ff6d0a356e7eb"},"headline":"(Italiano) Catacombe di San Gennaro a rischio chiusura, petizione popolare: 27 mila firme in poche ore","datePublished":"2018-11-09T19:27:55+00:00","dateModified":"2018-11-09T20:04:52+00:00","mainEntityOfPage":{"@id":"https:\/\/www.charmenapoli.it\/en\/news\/catacombe-di-san-gennaro-a-rischio-chiusura-petizione-popolare-27-mila-firme-in-poche-ore\/"},"wordCount":1142,"publisher":{"@id":"https:\/\/www.charmenapoli.it\/#organization"},"image":{"@id":"https:\/\/www.charmenapoli.it\/en\/news\/catacombe-di-san-gennaro-a-rischio-chiusura-petizione-popolare-27-mila-firme-in-poche-ore\/#primaryimage"},"thumbnailUrl":"https:\/\/www.charmenapoli.it\/wp-content\/uploads\/2013\/12\/catacombe-di-san-gennaro.jpg","keywords":["Catacombe San Gennaro Napoli","visit catacombe naples"],"articleSection":["News"],"inLanguage":"en-US"},{"@type":"WebPage","@id":"https:\/\/www.charmenapoli.it\/en\/news\/catacombe-di-san-gennaro-a-rischio-chiusura-petizione-popolare-27-mila-firme-in-poche-ore\/","url":"https:\/\/www.charmenapoli.it\/en\/news\/catacombe-di-san-gennaro-a-rischio-chiusura-petizione-popolare-27-mila-firme-in-poche-ore\/","name":"[:it]Catacombe di San Gennaro a rischio chiusura, petizione popolare: 27 mila firme in poche ore[:] - Charme","isPartOf":{"@id":"https:\/\/www.charmenapoli.it\/#website"},"primaryImageOfPage":{"@id":"https:\/\/www.charmenapoli.it\/en\/news\/catacombe-di-san-gennaro-a-rischio-chiusura-petizione-popolare-27-mila-firme-in-poche-ore\/#primaryimage"},"image":{"@id":"https:\/\/www.charmenapoli.it\/en\/news\/catacombe-di-san-gennaro-a-rischio-chiusura-petizione-popolare-27-mila-firme-in-poche-ore\/#primaryimage"},"thumbnailUrl":"https:\/\/www.charmenapoli.it\/wp-content\/uploads\/2013\/12\/catacombe-di-san-gennaro.jpg","datePublished":"2018-11-09T19:27:55+00:00","dateModified":"2018-11-09T20:04:52+00:00","description":"[:it]Catacombe di San Gennaro a rischio chiusura, petizione popolare: 27 mila firme in poche ore[:] - Charme","breadcrumb":{"@id":"https:\/\/www.charmenapoli.it\/en\/news\/catacombe-di-san-gennaro-a-rischio-chiusura-petizione-popolare-27-mila-firme-in-poche-ore\/#breadcrumb"},"inLanguage":"en-US","potentialAction":[{"@type":"ReadAction","target":["https:\/\/www.charmenapoli.it\/en\/news\/catacombe-di-san-gennaro-a-rischio-chiusura-petizione-popolare-27-mila-firme-in-poche-ore\/"]}]},{"@type":"ImageObject","inLanguage":"en-US","@id":"https:\/\/www.charmenapoli.it\/en\/news\/catacombe-di-san-gennaro-a-rischio-chiusura-petizione-popolare-27-mila-firme-in-poche-ore\/#primaryimage","url":"https:\/\/www.charmenapoli.it\/wp-content\/uploads\/2013\/12\/catacombe-di-san-gennaro.jpg","contentUrl":"https:\/\/www.charmenapoli.it\/wp-content\/uploads\/2013\/12\/catacombe-di-san-gennaro.jpg","width":"550","height":"366","caption":"Le catacombe di San Gennaro"},{"@type":"BreadcrumbList","@id":"https:\/\/www.charmenapoli.it\/en\/news\/catacombe-di-san-gennaro-a-rischio-chiusura-petizione-popolare-27-mila-firme-in-poche-ore\/#breadcrumb","itemListElement":[{"@type":"ListItem","position":1,"name":"Home","item":"https:\/\/www.charmenapoli.it\/"},{"@type":"ListItem","position":2,"name":"(Italiano) Catacombe di San Gennaro a rischio chiusura, petizione popolare: 27 mila firme in poche ore"}]},{"@type":"WebSite","@id":"https:\/\/www.charmenapoli.it\/#website","url":"https:\/\/www.charmenapoli.it\/","name":"Charme","description":"Tutto il bello e il buono di Napoli e della Campania","publisher":{"@id":"https:\/\/www.charmenapoli.it\/#organization"},"potentialAction":[{"@type":"SearchAction","target":{"@type":"EntryPoint","urlTemplate":"https:\/\/www.charmenapoli.it\/?s={search_term_string}"},"query-input":{"@type":"PropertyValueSpecification","valueRequired":true,"valueName":"search_term_string"}}],"inLanguage":"en-US"},{"@type":"Organization","@id":"https:\/\/www.charmenapoli.it\/#organization","name":"Sisicom soc. coop.","url":"https:\/\/www.charmenapoli.it\/","logo":{"@type":"ImageObject","inLanguage":"en-US","@id":"https:\/\/www.charmenapoli.it\/#\/schema\/logo\/image\/","url":"https:\/\/www.charmenapoli.it\/wp-content\/uploads\/2017\/02\/logo_web_home_200.png","contentUrl":"https:\/\/www.charmenapoli.it\/wp-content\/uploads\/2017\/02\/logo_web_home_200.png","width":272,"height":90,"caption":"Sisicom soc. coop."},"image":{"@id":"https:\/\/www.charmenapoli.it\/#\/schema\/logo\/image\/"},"sameAs":["https:\/\/www.facebook.com\/CharmeTuttoilbellodiNapoli?fref=ts","https:\/\/x.com\/CharmeNapoli","https:\/\/www.instagram.com\/charmenapoli\/","https:\/\/it.pinterest.com\/UnaMostra\/charmenapoliit\/"]},{"@type":"Person","@id":"https:\/\/www.charmenapoli.it\/#\/schema\/person\/ec7c2e94b77c1e258a8ff6d0a356e7eb","name":"Giorgio Gradogna","image":{"@type":"ImageObject","inLanguage":"en-US","@id":"https:\/\/secure.gravatar.com\/avatar\/5fd38e0acd18294d13fcf5f873b2172aa135607a9dafbab41270a01382c9ec43?s=96&d=mm&r=g","url":"https:\/\/secure.gravatar.com\/avatar\/5fd38e0acd18294d13fcf5f873b2172aa135607a9dafbab41270a01382c9ec43?s=96&d=mm&r=g","contentUrl":"https:\/\/secure.gravatar.com\/avatar\/5fd38e0acd18294d13fcf5f873b2172aa135607a9dafbab41270a01382c9ec43?s=96&d=mm&r=g","caption":"Giorgio Gradogna"},"url":"https:\/\/www.charmenapoli.it\/en\/author\/giorgio\/"}]}},"jetpack_featured_media_url":"https:\/\/www.charmenapoli.it\/wp-content\/uploads\/2013\/12\/catacombe-di-san-gennaro.jpg","jetpack_shortlink":"https:\/\/wp.me\/p31YDy-7mw","jetpack_sharing_enabled":true,"_links":{"self":[{"href":"https:\/\/www.charmenapoli.it\/en\/wp-json\/wp\/v2\/posts\/28304","targetHints":{"allow":["GET"]}}],"collection":[{"href":"https:\/\/www.charmenapoli.it\/en\/wp-json\/wp\/v2\/posts"}],"about":[{"href":"https:\/\/www.charmenapoli.it\/en\/wp-json\/wp\/v2\/types\/post"}],"author":[{"embeddable":true,"href":"https:\/\/www.charmenapoli.it\/en\/wp-json\/wp\/v2\/users\/5"}],"replies":[{"embeddable":true,"href":"https:\/\/www.charmenapoli.it\/en\/wp-json\/wp\/v2\/comments?post=28304"}],"version-history":[{"count":0,"href":"https:\/\/www.charmenapoli.it\/en\/wp-json\/wp\/v2\/posts\/28304\/revisions"}],"wp:featuredmedia":[{"embeddable":true,"href":"https:\/\/www.charmenapoli.it\/en\/wp-json\/wp\/v2\/media\/8619"}],"wp:attachment":[{"href":"https:\/\/www.charmenapoli.it\/en\/wp-json\/wp\/v2\/media?parent=28304"}],"wp:term":[{"taxonomy":"category","embeddable":true,"href":"https:\/\/www.charmenapoli.it\/en\/wp-json\/wp\/v2\/categories?post=28304"},{"taxonomy":"post_tag","embeddable":true,"href":"https:\/\/www.charmenapoli.it\/en\/wp-json\/wp\/v2\/tags?post=28304"}],"curies":[{"name":"wp","href":"https:\/\/api.w.org\/{rel}","templated":true}]}}