{"id":28604,"date":"2019-01-07T21:01:16","date_gmt":"2019-01-07T20:01:16","guid":{"rendered":"https:\/\/www.charmenapoli.it\/?p=28604"},"modified":"2019-01-07T21:02:40","modified_gmt":"2019-01-07T20:02:40","slug":"festival-barocco-concerto-gratuito-al-mann","status":"publish","type":"post","link":"https:\/\/www.charmenapoli.it\/en\/news\/festival-barocco-concerto-gratuito-al-mann\/","title":{"rendered":"(Italiano) Maestri napoletani nei salotti del &#8216;700: concerto gratuito al Mann"},"content":{"rendered":"<p class=\"qtranxs-available-languages-message qtranxs-available-languages-message-en\">Sorry, this entry is only available in <a href=\"https:\/\/www.charmenapoli.it\/it\/wp-json\/wp\/v2\/posts\/28604\" class=\"qtranxs-available-language-link qtranxs-available-language-link-it\" title=\"Italiano\">Italiano<\/a>.<\/p><p>Festival Barocco Napoletano:\u00a0<strong>luned\u00ec 14 gennaio<\/strong> alle 18, <strong>concerto gratuito<\/strong> al <strong>Mann <\/strong>dedicato ai <strong>Maestri napoletani del \u2018700 in Europa<\/strong>.\u00a0Dopo il successo del primo concerto del 17 dicembre scorso, dedicato alla tradizione musicale natalizia, il 14 gennaio al <strong>Museo Archeologico Nazionale di Napoli<\/strong> si esibiranno il clavicembalo di <strong>Enza Caiazzo<\/strong> e il mandolino barocco di <strong>Fabio Menditto<\/strong>: racconteranno i \u201c<strong>Maestri napoletani nei salotti aristocratici del \u2018700<\/strong>\u201d, suonando musiche di D. Scarlatti, E. Barbella, P. Leone, G.B. Gervasio e M.Vento.<\/p>\n<p>Ecco i prossimi <strong>concerti gratuiti<\/strong> al\u00a0<strong>Mann<\/strong>:<br \/>\n&#8211; <strong>luned\u00ec 21 gennaio<\/strong>, per ascoltare le magie della \u201c<strong>Cantata a voce sola a Napoli nel XVII e XVIII secolo<\/strong>\u201d (musiche di A. Scarlatti, G. Paisiello e L. Leo);<br \/>\n&#8211; <strong>luned\u00ec 11 febbraio<\/strong>, i percorsi creativi jazz da Scarlatti ad Oscar Peterson rappresenteranno \u201c<strong>L\u2019arte della variazione e dell\u2019improvvisazione barocca in chiave moderna<\/strong>\u201d.<br \/>\n&#8211; <strong>luned\u00ec\u00a0 18 febbraio<\/strong>, ancora un\u2019esibizione dell\u2019Ensemble Barocco Accademia Reale e del Gruppo Danzar grazioso che, grazie ai costumi d\u2019epoca, enfatizzer\u00e0 le suggestioni delle musiche di A. Falconieri, D. Ortiz, A. De Cabezon, A. Corelli e G.B. Lully.<br \/>\n&#8211; <strong>luned\u00ec 4 marzo<\/strong>, con \u201c<strong>Capricci armonici da chiesa e da camera a violino solo, sinfonie, toccate<\/strong>\u201d (violino barocco di Enrico Parizzi, clavicembalo ed organo di Nicola Lamon, musiche di G.B. Viviani);<br \/>\n&#8211; <strong>luned\u00ec 25 marzo<\/strong>, spazio all\u2019Ensemble L\u2019Infuriati con \u201c<strong>Concerti, sinfonie e sonate napolitane<\/strong>\u201d.<br \/>\n&#8211; <strong>luned\u00ec 8 aprile<\/strong>, \u201c<strong>Villanelle alla napolitana e musica strumentale tra Rinascimento e primo Barocco\u201d<\/strong> (Renata Fusco: voce; Massimo Lonardi: Liuto; Valerio Celentano: tiorba e chitarra barocca);<br \/>\n&#8211; <strong>luned\u00ec 22 aprile<\/strong>, l\u2019Ensemble Accademia Reale dedicher\u00e0 un concerto a \u201c<strong>Musica devozionale e passione nella Napoli del XVII secolo<\/strong>\u201d.<br \/>\n&#8211; <strong>luned\u00ec 6 maggio<\/strong>, \u201c<strong>La Semiramide riconosciuta dramma per musica di L. Vinci<\/strong>\u201d (Libretto: P. Metastasio) nell\u2019esecuzione dell\u2019Ensemble Barocco Accademia Reale.<\/p>\n<p>Si consolida, dunque, la collaborazione tra il <a href=\"https:\/\/www.museoarcheologiconapoli.it\/it\/\" target=\"_blank\" rel=\"noopener\"><strong>Museo Archeologico Nazionale di Napoli<\/strong><\/a> diretto da <strong>Paolo Giulierini,<\/strong> l\u2019Associazione organizzatrice del <strong>Festival Barocco Napoletano<\/strong> (presidente, <strong>Massimiliano Cerrito<\/strong>) e l\u2019<strong>Ensemble Accademia Reale<\/strong> (violino di concerto, <strong>Giovanni Borrelli<\/strong>, che \u00e8 anche direttore artistico della rassegna).<\/p>\n<p>Quest\u2019anno, il Festival si connota per un respiro ancora pi\u00f9 ampio proponendosi di creare nuovi sentieri di ricerca musicale nel milieu cittadino. E ci\u00f2 grazie alla sinergia con il <strong>Conservatorio di Musica San Pietro a Majella<\/strong>, che, insieme al <strong>MANN<\/strong> e in linea con il progetto culturale del Festival, favorir\u00e0 la creazione di veri e propri p<strong>ercorsi di \u201carcheologia musicale\u201d<\/strong>:\u00a0ovvero, sentieri tematici per un atipico ed itinerante \u201c<strong>Museo della Musica\u201d<\/strong>, che si dipaner\u00e0 tra il <strong>MANN<\/strong> (grazie all\u2019analisi della rappresentazione artistica della musica in affreschi, sculture e mosaici) ed il <strong>Conservatorio<\/strong>, custode di pregevoli esemplari storici di strumenti musicali.<\/p>\n<p>\u201c<em>Il Festival Barocco Napoletano diviene non soltanto un\u2019occasione per condividere percorsi musicali di qualit\u00e0, ma, soprattutto, per diffondere un\u2019idea di cultura che sappia intercettare le istituzioni storiche napoletane: tra queste, il Conservatorio San Pietro a Majella, vicino a noi per una mission di dialogo con la citt\u00e0 all\u2019insegna dell\u2019arte<\/em>\u201d, ha dichiarato il direttore del MANN, <strong>Paolo Giulierini<\/strong>.<\/p>\n<p>Per il presidente del Conservatorio San Pietro a Majella, <strong>Antonio Palma<\/strong>:\u00a0\u201c<em>\u00e8 un grande onore per il Conservatorio collaborare con una delle istituzioni culturali pi\u00f9 prestigiose al mondo, in particolare per uno storico del diritto come me che conosce la straordinaria rilevanza del Museo Archeologico per la ricostruzione della storia romana. Una collaborazione, questa con il MANN, che rappresenta un altro tassello importante di quella proiezione nazionale e internazionale di cui abbiamo bisogno per rilanciare le nostre iniziative<\/em>\u201d.<\/p>\n<p>\u201c<em>Grazie all\u2019impegno del Museo Archeologico, dell\u2019associazione organizzatrice del Festival e dell\u2019Ensemble Accademia Reale<\/em> \u2013 ha affermato il direttore di San Pietro a Majella, <strong>Carmine Santaniello<\/strong> <em>\u2013 quest\u2019appuntamento \u00e8 diventato uno dei pi\u00f9 interessanti del panorama musicale napoletano e con una programmazione accorta, offrendo, cos\u00ec, uno spaccato di vecchie e nuove tendenze musicali\u201d<\/em>.<\/p>\n<p>\u201c<em>Il lavoro svolto fino ad oggi ed il percorso intrapreso con questa esclusiva e rilevante collaborazione aprono le porte a nuovi scenari: il MANN, custode del patrimonio Archeologico mondiale, ed il Conservatorio San Pietro a Majella, luogo principale per la diffusione e la conservazione della Musica della Scuola Napoletana, valendosi del Progetto Culturale Festival Barocco Napoletano come agente di divulgazione di queste iniziative, guardano insieme verso nuovi orizzonti<\/em>\u201d, ha concluso il presidente dell\u2019Associazione Festival Barocco Napoletano, <strong>Massimiliano Cerrito<\/strong>.<\/p>\n<p>&nbsp;<\/p>\n<p>&nbsp;<\/p>","protected":false},"excerpt":{"rendered":"<p>Sorry, this entry is only available in Italiano.Festival Barocco Napoletano:\u00a0luned\u00ec 14 gennaio alle 18, concerto gratuito al Mann dedicato ai Maestri napoletani del \u2018700 in Europa.\u00a0Dopo il successo del primo concerto del 17 dicembre scorso, dedicato alla tradizione musicale natalizia, il 14 gennaio al Museo Archeologico Nazionale di Napoli si esibiranno il clavicembalo di Enza [&hellip;]<\/p>\n","protected":false},"author":1,"featured_media":28606,"comment_status":"closed","ping_status":"closed","sticky":false,"template":"","format":"standard","meta":{"_jetpack_newsletter_access":"","_jetpack_dont_email_post_to_subs":false,"_jetpack_newsletter_tier_id":0,"_jetpack_memberships_contains_paywalled_content":false,"_jetpack_memberships_contains_paid_content":false,"footnotes":""},"categories":[1734,11],"tags":[673,1157],"class_list":["post-28604","post","type-post","status-publish","format-standard","has-post-thumbnail","hentry","category-musei-arte","category-news","tag-museo-archeologico","tag-museo-archeologico-nazionale"],"yoast_head":"<!-- This site is optimized with the Yoast SEO plugin v27.5 - https:\/\/yoast.com\/product\/yoast-seo-wordpress\/ -->\n<title><\/title>\n<meta name=\"description\" content=\"Festival Barocco Napoletano:\u00a0il 14 gennaio, concerto gratuito al Mann dedicato ai Maestri napoletani del \u2018700. Ecco gli altri concerti in programma - Charme\" \/>\n<meta name=\"robots\" content=\"index, follow, max-snippet:-1, max-image-preview:large, max-video-preview:-1\" \/>\n<link rel=\"canonical\" href=\"https:\/\/www.charmenapoli.it\/news\/festival-barocco-concerto-gratuito-al-mann\/\" \/>\n<meta property=\"og:locale\" content=\"en_US\" \/>\n<meta property=\"og:type\" content=\"article\" \/>\n<meta property=\"og:title\" content=\"[:it]Maestri napoletani nei salotti del &#039;700: concerto gratuito al Mann [:] - Charme\" \/>\n<meta property=\"og:description\" content=\"Festival Barocco Napoletano:\u00a0il 14 gennaio, concerto gratuito al Mann dedicato ai Maestri napoletani del \u2018700. Ecco gli altri concerti in programma - Charme\" \/>\n<meta property=\"og:url\" content=\"https:\/\/www.charmenapoli.it\/news\/festival-barocco-concerto-gratuito-al-mann\/\" \/>\n<meta property=\"og:site_name\" content=\"Charme\" \/>\n<meta property=\"article:publisher\" content=\"https:\/\/www.facebook.com\/CharmeTuttoilbellodiNapoli?fref=ts\" \/>\n<meta property=\"article:published_time\" content=\"2019-01-07T20:01:16+00:00\" \/>\n<meta property=\"article:modified_time\" content=\"2019-01-07T20:02:40+00:00\" \/>\n<meta property=\"og:image\" content=\"https:\/\/www.charmenapoli.it\/wp-content\/uploads\/2019\/01\/Festival-barocco-napoletano-al-Museo-Archeologico-Nazionale-di-Napoli.jpg\" \/>\n\t<meta property=\"og:image:width\" content=\"1600\" \/>\n\t<meta property=\"og:image:height\" content=\"969\" \/>\n\t<meta property=\"og:image:type\" content=\"image\/jpeg\" \/>\n<meta name=\"author\" content=\"Charme\" \/>\n<meta name=\"twitter:card\" content=\"summary_large_image\" \/>\n<meta name=\"twitter:creator\" content=\"@CharmeNapoli\" \/>\n<meta name=\"twitter:site\" content=\"@CharmeNapoli\" \/>\n<meta name=\"twitter:label1\" content=\"Written by\" \/>\n\t<meta name=\"twitter:data1\" content=\"Charme\" \/>\n\t<meta name=\"twitter:label2\" content=\"Est. reading time\" \/>\n\t<meta name=\"twitter:data2\" content=\"4 minutes\" \/>\n<script type=\"application\/ld+json\" class=\"yoast-schema-graph\">{\"@context\":\"https:\\\/\\\/schema.org\",\"@graph\":[{\"@type\":\"Article\",\"@id\":\"https:\\\/\\\/www.charmenapoli.it\\\/news\\\/festival-barocco-concerto-gratuito-al-mann\\\/#article\",\"isPartOf\":{\"@id\":\"https:\\\/\\\/www.charmenapoli.it\\\/news\\\/festival-barocco-concerto-gratuito-al-mann\\\/\"},\"author\":{\"name\":\"Charme\",\"@id\":\"https:\\\/\\\/www.charmenapoli.it\\\/#\\\/schema\\\/person\\\/0062125e4861da579fba4ac5e27fb8cc\"},\"headline\":\"(Italiano) Maestri napoletani nei salotti del &#8216;700: concerto gratuito al Mann\",\"datePublished\":\"2019-01-07T20:01:16+00:00\",\"dateModified\":\"2019-01-07T20:02:40+00:00\",\"mainEntityOfPage\":{\"@id\":\"https:\\\/\\\/www.charmenapoli.it\\\/news\\\/festival-barocco-concerto-gratuito-al-mann\\\/\"},\"wordCount\":718,\"publisher\":{\"@id\":\"https:\\\/\\\/www.charmenapoli.it\\\/#organization\"},\"image\":{\"@id\":\"https:\\\/\\\/www.charmenapoli.it\\\/news\\\/festival-barocco-concerto-gratuito-al-mann\\\/#primaryimage\"},\"thumbnailUrl\":\"https:\\\/\\\/www.charmenapoli.it\\\/wp-content\\\/uploads\\\/2019\\\/01\\\/Festival-barocco-napoletano-al-Museo-Archeologico-Nazionale-di-Napoli.jpg\",\"keywords\":[\"Museo Archeologico\",\"Museo Archeologico Nazionale\"],\"articleSection\":[\"Museums\",\"News\"],\"inLanguage\":\"en-US\"},{\"@type\":\"WebPage\",\"@id\":\"https:\\\/\\\/www.charmenapoli.it\\\/news\\\/festival-barocco-concerto-gratuito-al-mann\\\/\",\"url\":\"https:\\\/\\\/www.charmenapoli.it\\\/news\\\/festival-barocco-concerto-gratuito-al-mann\\\/\",\"name\":\"[:it]Maestri napoletani nei salotti del '700: concerto gratuito al Mann [:] - Charme\",\"isPartOf\":{\"@id\":\"https:\\\/\\\/www.charmenapoli.it\\\/#website\"},\"primaryImageOfPage\":{\"@id\":\"https:\\\/\\\/www.charmenapoli.it\\\/news\\\/festival-barocco-concerto-gratuito-al-mann\\\/#primaryimage\"},\"image\":{\"@id\":\"https:\\\/\\\/www.charmenapoli.it\\\/news\\\/festival-barocco-concerto-gratuito-al-mann\\\/#primaryimage\"},\"thumbnailUrl\":\"https:\\\/\\\/www.charmenapoli.it\\\/wp-content\\\/uploads\\\/2019\\\/01\\\/Festival-barocco-napoletano-al-Museo-Archeologico-Nazionale-di-Napoli.jpg\",\"datePublished\":\"2019-01-07T20:01:16+00:00\",\"dateModified\":\"2019-01-07T20:02:40+00:00\",\"description\":\"Festival Barocco Napoletano:\u00a0il 14 gennaio, concerto gratuito al Mann dedicato ai Maestri napoletani del \u2018700. Ecco gli altri concerti in programma - Charme\",\"breadcrumb\":{\"@id\":\"https:\\\/\\\/www.charmenapoli.it\\\/news\\\/festival-barocco-concerto-gratuito-al-mann\\\/#breadcrumb\"},\"inLanguage\":\"en-US\",\"potentialAction\":[{\"@type\":\"ReadAction\",\"target\":[\"https:\\\/\\\/www.charmenapoli.it\\\/news\\\/festival-barocco-concerto-gratuito-al-mann\\\/\"]}]},{\"@type\":\"ImageObject\",\"inLanguage\":\"en-US\",\"@id\":\"https:\\\/\\\/www.charmenapoli.it\\\/news\\\/festival-barocco-concerto-gratuito-al-mann\\\/#primaryimage\",\"url\":\"https:\\\/\\\/www.charmenapoli.it\\\/wp-content\\\/uploads\\\/2019\\\/01\\\/Festival-barocco-napoletano-al-Museo-Archeologico-Nazionale-di-Napoli.jpg\",\"contentUrl\":\"https:\\\/\\\/www.charmenapoli.it\\\/wp-content\\\/uploads\\\/2019\\\/01\\\/Festival-barocco-napoletano-al-Museo-Archeologico-Nazionale-di-Napoli.jpg\",\"width\":1600,\"height\":969},{\"@type\":\"BreadcrumbList\",\"@id\":\"https:\\\/\\\/www.charmenapoli.it\\\/news\\\/festival-barocco-concerto-gratuito-al-mann\\\/#breadcrumb\",\"itemListElement\":[{\"@type\":\"ListItem\",\"position\":1,\"name\":\"Home\",\"item\":\"https:\\\/\\\/www.charmenapoli.it\\\/\"},{\"@type\":\"ListItem\",\"position\":2,\"name\":\"Maestri napoletani nei salotti del &#8216;700: concerto gratuito al Mann\"}]},{\"@type\":\"WebSite\",\"@id\":\"https:\\\/\\\/www.charmenapoli.it\\\/#website\",\"url\":\"https:\\\/\\\/www.charmenapoli.it\\\/\",\"name\":\"Charme\",\"description\":\"Tutto il bello e il buono di Napoli e della Campania\",\"publisher\":{\"@id\":\"https:\\\/\\\/www.charmenapoli.it\\\/#organization\"},\"potentialAction\":[{\"@type\":\"SearchAction\",\"target\":{\"@type\":\"EntryPoint\",\"urlTemplate\":\"https:\\\/\\\/www.charmenapoli.it\\\/?s={search_term_string}\"},\"query-input\":{\"@type\":\"PropertyValueSpecification\",\"valueRequired\":true,\"valueName\":\"search_term_string\"}}],\"inLanguage\":\"en-US\"},{\"@type\":\"Organization\",\"@id\":\"https:\\\/\\\/www.charmenapoli.it\\\/#organization\",\"name\":\"Sisicom soc. coop.\",\"url\":\"https:\\\/\\\/www.charmenapoli.it\\\/\",\"logo\":{\"@type\":\"ImageObject\",\"inLanguage\":\"en-US\",\"@id\":\"https:\\\/\\\/www.charmenapoli.it\\\/#\\\/schema\\\/logo\\\/image\\\/\",\"url\":\"https:\\\/\\\/www.charmenapoli.it\\\/wp-content\\\/uploads\\\/2017\\\/02\\\/logo_web_home_200.png\",\"contentUrl\":\"https:\\\/\\\/www.charmenapoli.it\\\/wp-content\\\/uploads\\\/2017\\\/02\\\/logo_web_home_200.png\",\"width\":272,\"height\":90,\"caption\":\"Sisicom soc. coop.\"},\"image\":{\"@id\":\"https:\\\/\\\/www.charmenapoli.it\\\/#\\\/schema\\\/logo\\\/image\\\/\"},\"sameAs\":[\"https:\\\/\\\/www.facebook.com\\\/CharmeTuttoilbellodiNapoli?fref=ts\",\"https:\\\/\\\/x.com\\\/CharmeNapoli\",\"https:\\\/\\\/www.instagram.com\\\/charmenapoli\\\/\",\"https:\\\/\\\/it.pinterest.com\\\/UnaMostra\\\/charmenapoliit\\\/\"]},{\"@type\":\"Person\",\"@id\":\"https:\\\/\\\/www.charmenapoli.it\\\/#\\\/schema\\\/person\\\/0062125e4861da579fba4ac5e27fb8cc\",\"name\":\"Charme\",\"image\":{\"@type\":\"ImageObject\",\"inLanguage\":\"en-US\",\"@id\":\"https:\\\/\\\/secure.gravatar.com\\\/avatar\\\/dcd9feaba32497ed36cccda5e9ebece9464d27990a49d265c3b28b65eb7e55cc?s=96&d=mm&r=g\",\"url\":\"https:\\\/\\\/secure.gravatar.com\\\/avatar\\\/dcd9feaba32497ed36cccda5e9ebece9464d27990a49d265c3b28b65eb7e55cc?s=96&d=mm&r=g\",\"contentUrl\":\"https:\\\/\\\/secure.gravatar.com\\\/avatar\\\/dcd9feaba32497ed36cccda5e9ebece9464d27990a49d265c3b28b65eb7e55cc?s=96&d=mm&r=g\",\"caption\":\"Charme\"},\"url\":\"https:\\\/\\\/www.charmenapoli.it\\\/en\\\/author\\\/admincharme\\\/\"}]}<\/script>\n<!-- \/ Yoast SEO plugin. -->","yoast_head_json":{"title":"[:it]Maestri napoletani nei salotti del '700: concerto gratuito al Mann [:] - Charme","description":"Festival Barocco Napoletano:\u00a0il 14 gennaio, concerto gratuito al Mann dedicato ai Maestri napoletani del \u2018700. Ecco gli altri concerti in programma - Charme","robots":{"index":"index","follow":"follow","max-snippet":"max-snippet:-1","max-image-preview":"max-image-preview:large","max-video-preview":"max-video-preview:-1"},"canonical":"https:\/\/www.charmenapoli.it\/news\/festival-barocco-concerto-gratuito-al-mann\/","og_locale":"en_US","og_type":"article","og_title":"[:it]Maestri napoletani nei salotti del '700: concerto gratuito al Mann [:] - Charme","og_description":"Festival Barocco Napoletano:\u00a0il 14 gennaio, concerto gratuito al Mann dedicato ai Maestri napoletani del \u2018700. Ecco gli altri concerti in programma - Charme","og_url":"https:\/\/www.charmenapoli.it\/news\/festival-barocco-concerto-gratuito-al-mann\/","og_site_name":"Charme","article_publisher":"https:\/\/www.facebook.com\/CharmeTuttoilbellodiNapoli?fref=ts","article_published_time":"2019-01-07T20:01:16+00:00","article_modified_time":"2019-01-07T20:02:40+00:00","og_image":[{"width":1600,"height":969,"url":"https:\/\/www.charmenapoli.it\/wp-content\/uploads\/2019\/01\/Festival-barocco-napoletano-al-Museo-Archeologico-Nazionale-di-Napoli.jpg","type":"image\/jpeg"}],"author":"Charme","twitter_card":"summary_large_image","twitter_creator":"@CharmeNapoli","twitter_site":"@CharmeNapoli","twitter_misc":{"Written by":"Charme","Est. reading time":"4 minutes"},"schema":{"@context":"https:\/\/schema.org","@graph":[{"@type":"Article","@id":"https:\/\/www.charmenapoli.it\/news\/festival-barocco-concerto-gratuito-al-mann\/#article","isPartOf":{"@id":"https:\/\/www.charmenapoli.it\/news\/festival-barocco-concerto-gratuito-al-mann\/"},"author":{"name":"Charme","@id":"https:\/\/www.charmenapoli.it\/#\/schema\/person\/0062125e4861da579fba4ac5e27fb8cc"},"headline":"(Italiano) Maestri napoletani nei salotti del &#8216;700: concerto gratuito al Mann","datePublished":"2019-01-07T20:01:16+00:00","dateModified":"2019-01-07T20:02:40+00:00","mainEntityOfPage":{"@id":"https:\/\/www.charmenapoli.it\/news\/festival-barocco-concerto-gratuito-al-mann\/"},"wordCount":718,"publisher":{"@id":"https:\/\/www.charmenapoli.it\/#organization"},"image":{"@id":"https:\/\/www.charmenapoli.it\/news\/festival-barocco-concerto-gratuito-al-mann\/#primaryimage"},"thumbnailUrl":"https:\/\/www.charmenapoli.it\/wp-content\/uploads\/2019\/01\/Festival-barocco-napoletano-al-Museo-Archeologico-Nazionale-di-Napoli.jpg","keywords":["Museo Archeologico","Museo Archeologico Nazionale"],"articleSection":["Museums","News"],"inLanguage":"en-US"},{"@type":"WebPage","@id":"https:\/\/www.charmenapoli.it\/news\/festival-barocco-concerto-gratuito-al-mann\/","url":"https:\/\/www.charmenapoli.it\/news\/festival-barocco-concerto-gratuito-al-mann\/","name":"[:it]Maestri napoletani nei salotti del '700: concerto gratuito al Mann [:] - Charme","isPartOf":{"@id":"https:\/\/www.charmenapoli.it\/#website"},"primaryImageOfPage":{"@id":"https:\/\/www.charmenapoli.it\/news\/festival-barocco-concerto-gratuito-al-mann\/#primaryimage"},"image":{"@id":"https:\/\/www.charmenapoli.it\/news\/festival-barocco-concerto-gratuito-al-mann\/#primaryimage"},"thumbnailUrl":"https:\/\/www.charmenapoli.it\/wp-content\/uploads\/2019\/01\/Festival-barocco-napoletano-al-Museo-Archeologico-Nazionale-di-Napoli.jpg","datePublished":"2019-01-07T20:01:16+00:00","dateModified":"2019-01-07T20:02:40+00:00","description":"Festival Barocco Napoletano:\u00a0il 14 gennaio, concerto gratuito al Mann dedicato ai Maestri napoletani del \u2018700. Ecco gli altri concerti in programma - Charme","breadcrumb":{"@id":"https:\/\/www.charmenapoli.it\/news\/festival-barocco-concerto-gratuito-al-mann\/#breadcrumb"},"inLanguage":"en-US","potentialAction":[{"@type":"ReadAction","target":["https:\/\/www.charmenapoli.it\/news\/festival-barocco-concerto-gratuito-al-mann\/"]}]},{"@type":"ImageObject","inLanguage":"en-US","@id":"https:\/\/www.charmenapoli.it\/news\/festival-barocco-concerto-gratuito-al-mann\/#primaryimage","url":"https:\/\/www.charmenapoli.it\/wp-content\/uploads\/2019\/01\/Festival-barocco-napoletano-al-Museo-Archeologico-Nazionale-di-Napoli.jpg","contentUrl":"https:\/\/www.charmenapoli.it\/wp-content\/uploads\/2019\/01\/Festival-barocco-napoletano-al-Museo-Archeologico-Nazionale-di-Napoli.jpg","width":1600,"height":969},{"@type":"BreadcrumbList","@id":"https:\/\/www.charmenapoli.it\/news\/festival-barocco-concerto-gratuito-al-mann\/#breadcrumb","itemListElement":[{"@type":"ListItem","position":1,"name":"Home","item":"https:\/\/www.charmenapoli.it\/"},{"@type":"ListItem","position":2,"name":"Maestri napoletani nei salotti del &#8216;700: concerto gratuito al Mann"}]},{"@type":"WebSite","@id":"https:\/\/www.charmenapoli.it\/#website","url":"https:\/\/www.charmenapoli.it\/","name":"Charme","description":"Tutto il bello e il buono di Napoli e della Campania","publisher":{"@id":"https:\/\/www.charmenapoli.it\/#organization"},"potentialAction":[{"@type":"SearchAction","target":{"@type":"EntryPoint","urlTemplate":"https:\/\/www.charmenapoli.it\/?s={search_term_string}"},"query-input":{"@type":"PropertyValueSpecification","valueRequired":true,"valueName":"search_term_string"}}],"inLanguage":"en-US"},{"@type":"Organization","@id":"https:\/\/www.charmenapoli.it\/#organization","name":"Sisicom soc. coop.","url":"https:\/\/www.charmenapoli.it\/","logo":{"@type":"ImageObject","inLanguage":"en-US","@id":"https:\/\/www.charmenapoli.it\/#\/schema\/logo\/image\/","url":"https:\/\/www.charmenapoli.it\/wp-content\/uploads\/2017\/02\/logo_web_home_200.png","contentUrl":"https:\/\/www.charmenapoli.it\/wp-content\/uploads\/2017\/02\/logo_web_home_200.png","width":272,"height":90,"caption":"Sisicom soc. coop."},"image":{"@id":"https:\/\/www.charmenapoli.it\/#\/schema\/logo\/image\/"},"sameAs":["https:\/\/www.facebook.com\/CharmeTuttoilbellodiNapoli?fref=ts","https:\/\/x.com\/CharmeNapoli","https:\/\/www.instagram.com\/charmenapoli\/","https:\/\/it.pinterest.com\/UnaMostra\/charmenapoliit\/"]},{"@type":"Person","@id":"https:\/\/www.charmenapoli.it\/#\/schema\/person\/0062125e4861da579fba4ac5e27fb8cc","name":"Charme","image":{"@type":"ImageObject","inLanguage":"en-US","@id":"https:\/\/secure.gravatar.com\/avatar\/dcd9feaba32497ed36cccda5e9ebece9464d27990a49d265c3b28b65eb7e55cc?s=96&d=mm&r=g","url":"https:\/\/secure.gravatar.com\/avatar\/dcd9feaba32497ed36cccda5e9ebece9464d27990a49d265c3b28b65eb7e55cc?s=96&d=mm&r=g","contentUrl":"https:\/\/secure.gravatar.com\/avatar\/dcd9feaba32497ed36cccda5e9ebece9464d27990a49d265c3b28b65eb7e55cc?s=96&d=mm&r=g","caption":"Charme"},"url":"https:\/\/www.charmenapoli.it\/en\/author\/admincharme\/"}]}},"jetpack_featured_media_url":"https:\/\/www.charmenapoli.it\/wp-content\/uploads\/2019\/01\/Festival-barocco-napoletano-al-Museo-Archeologico-Nazionale-di-Napoli.jpg","jetpack_shortlink":"https:\/\/wp.me\/p31YDy-7rm","jetpack_sharing_enabled":true,"_links":{"self":[{"href":"https:\/\/www.charmenapoli.it\/en\/wp-json\/wp\/v2\/posts\/28604","targetHints":{"allow":["GET"]}}],"collection":[{"href":"https:\/\/www.charmenapoli.it\/en\/wp-json\/wp\/v2\/posts"}],"about":[{"href":"https:\/\/www.charmenapoli.it\/en\/wp-json\/wp\/v2\/types\/post"}],"author":[{"embeddable":true,"href":"https:\/\/www.charmenapoli.it\/en\/wp-json\/wp\/v2\/users\/1"}],"replies":[{"embeddable":true,"href":"https:\/\/www.charmenapoli.it\/en\/wp-json\/wp\/v2\/comments?post=28604"}],"version-history":[{"count":0,"href":"https:\/\/www.charmenapoli.it\/en\/wp-json\/wp\/v2\/posts\/28604\/revisions"}],"wp:featuredmedia":[{"embeddable":true,"href":"https:\/\/www.charmenapoli.it\/en\/wp-json\/wp\/v2\/media\/28606"}],"wp:attachment":[{"href":"https:\/\/www.charmenapoli.it\/en\/wp-json\/wp\/v2\/media?parent=28604"}],"wp:term":[{"taxonomy":"category","embeddable":true,"href":"https:\/\/www.charmenapoli.it\/en\/wp-json\/wp\/v2\/categories?post=28604"},{"taxonomy":"post_tag","embeddable":true,"href":"https:\/\/www.charmenapoli.it\/en\/wp-json\/wp\/v2\/tags?post=28604"}],"curies":[{"name":"wp","href":"https:\/\/api.w.org\/{rel}","templated":true}]}}