{"id":28618,"date":"2019-01-15T19:43:08","date_gmt":"2019-01-15T18:43:08","guid":{"rendered":"https:\/\/www.charmenapoli.it\/?p=28618"},"modified":"2019-01-15T19:50:40","modified_gmt":"2019-01-15T18:50:40","slug":"scavi-archeologici-di-ercolano-visitatori-2018","status":"publish","type":"post","link":"https:\/\/www.charmenapoli.it\/en\/news\/scavi-archeologici-di-ercolano-visitatori-2018\/","title":{"rendered":"(Italiano) Scavi archeologici di Ercolano, superato mezzo milione di visitatori"},"content":{"rendered":"<p class=\"qtranxs-available-languages-message qtranxs-available-languages-message-en\">Sorry, this entry is only available in <a href=\"https:\/\/www.charmenapoli.it\/it\/wp-json\/wp\/v2\/posts\/28618\" class=\"qtranxs-available-language-link qtranxs-available-language-link-it\" title=\"Italiano\">Italiano<\/a>.<\/p><p>Gli <strong>Scavi archeologici di Ercolano<\/strong> festeggiano un 2018 in decisa crescita di presenze, attivit\u00e0 culturali e divulgative, con l&#8217;avvio del recupero e manutenzione di aree dissestate e un adeguamento amministrativo alla pianta organica. Con<strong> 534.328 visitatori<\/strong>, l&#8217;anno passato ha fatto registrare il record con un incremento di quasi centomila biglietti rispetto al 2016 (440.852) e di 44.000 rispetto al 2017 (490.852): una crescita che in termini percentuali arriva al 9% anno su anno, sostanzialmente in linea con l&#8217;incremento registrato dagli Scavi di Pompei (10%). L&#8217;affluenza maggiore agli <strong>Scavi archeologici di Ercolano<\/strong> si \u00e8 registrata a maggio con 81.000 presenze e a ottobre (60.470).<\/p>\n<p>Fa festa dunque il direttore <strong>Francesco Sirano<\/strong> e tutto lo staff che da un paio di anni si sta piano piano riorganizzando. E rilancia un corposo programma di attivit\u00e0 per il 2019. \u201c<em>Il Parco di Ercolano <\/em>\u2013 dichiara Sirano <em>\u2013 si lascia alle spalle un anno denso di attivit\u00e0 e di impegno ma uno altrettanto ricco e impegnativo ci aspetta. Il mio ringraziamento a tutto il personale del Parco, che in questo anno \u00e8 ulteriormente cresciuto in numero e in carico di lavoro per ognuno, che con assoluta abnegazione risponde ad ogni mia sollecitazione con lo stesso mio entusiasmo e\u00a0 passione. Dicembre \u00e8 stato il mese a me forse pi\u00f9 caro dei precedenti trascorsi perch\u00e9 ho potuto vedere realizzato il sogno di far vivere i luoghi che frequentiamo, poter rendere accessibile e fruibile l\u2019<strong>Antiquarium<\/strong> lo ritengo davvero un traguardo che mi sprona ad andare avanti senza sosta alcuna. Mi piangeva il cuore nel vedere un luogo come l\u2019<strong>Antiquarium<\/strong> \u2018invecchiare\u2019 senza che il pubblico potesse fruirne, ho voluto fortemente la sua apertura e il suo utilizzo perch\u00e9 il Parco di Ercolano lo merita e affinch\u00e9 il territorio potesse guadagnare un prestigioso luogo di esposizioni&#8221;. <\/em><\/p>\n<figure id=\"attachment_28622\" aria-describedby=\"caption-attachment-28622\" style=\"width: 455px\" class=\"wp-caption aligncenter\"><img loading=\"lazy\" decoding=\"async\" class=\" wp-image-28622\" src=\"https:\/\/www.charmenapoli.it\/wp-content\/uploads\/2019\/01\/Scavi-di-Ercolano_direttore_Francesco_Sirano-300x150.jpg\" alt=\"Il direttore degli Scavi archeologici di Ercolano, Francesco Sirano\" width=\"455\" height=\"231\" \/><figcaption id=\"caption-attachment-28622\" class=\"wp-caption-text\">Il direttore degli Scavi archeologici di Ercolano, Francesco Sirano<\/figcaption><\/figure>\n<p><em>&#8220;E l\u2019aver collocato in questo spazio gli ori ritrovati a Ercolano, mai esposti in una tale completezza, <\/em>&#8211; continua Sirano &#8211;<em> ha coronato un sogno che avevo nel cassetto. Il cassetto l\u2019ho aperto e quello che aspetta il Parco \u00e8 solo ulteriore valorizzazione delle attivit\u00e0 di ricerca, documentazione, conservazione, comunicazione e divulgazione per lo sviluppo culturale dell\u2019intero territorio vesuviano. Per questo il Programma 2019 rende stabili alcune aperture come quella del teatro, presenta una rassegna estiva pi\u00f9 strutturata e ricca dell\u2019anno passato, accoglie cittadini e appassionati per cicli di conferenze e una summer school, apre il Parco alle mostre diffuse sul territorio, nel continuare la strategia di collaborazione con gli enti territoriali, ma anche con le scuole, gli enti, le associazioni, le istituzioni nazionali e internazionali perch\u00e9 tutti possano godere della crescita di questo sito Unesco che deve diventare comune e condivisa\u201d<\/em>.<\/p>\n<p>Nell&#8217;anno dell&#8217;anniversario dell&#8217;eruzione del Vesuvio (79 d.C.), il direttore degli Scavi archeologici di Ercolano si appresta dunque a confermare e consolidare un trend in una logica di condivisione e diffusione territoriale, con una serie di iniziative.<\/p>\n<p>In primis, la mostra &#8220;<a href=\"https:\/\/www.charmenapoli.it\/arte\/mostre\/splendori-mostra-parco-archeologico-di-ercolano\/\" target=\"_blank\" rel=\"noopener\"><strong>SplendOri. Il lusso negli ornamenti ad Ercolano<\/strong><\/a>&#8221; (la prima grande mostra del Parco all\u2019interno del recuperato Antiquarium) rester\u00e0 aperta al pubblico fino al 30 settembre 2019. La collezione di circa 200 reperti, tra cui pi\u00f9 di 100 monili e preziosi, unica per quantit\u00e0 e valore dei pezzi in mostra, viene presentata al pubblico sul luogo stesso del ritrovamento; oggetti appartenuti agli antichi ercolanesi, alcuni ritrovati con gli abitanti nel tentativo di porli in salvo dalla imminente catastrofe dell\u2019eruzione, altri ritrovati nelle dimore dell\u2019antica citt\u00e0.<\/p>\n<p>Il\u00a0biglietto di accesso comprensivo della vista al Parco e alla mostra rester\u00e0 invariato al prezzo di <strong>11 euro<\/strong>, con riduzioni e gratuit\u00e0 di legge. Il costo del biglietto di accesso alla Mostra e al Parco Archeologico rimarr\u00e0 invariato per tutta la durata dell\u2019orario invernale, e subir\u00e0 un piccolo ritocco a partire dall\u2019orario estivo.<\/p>\n<p>Poi nel 2019 gli <a href=\"http:\/\/ercolano.beniculturali.it\/\" target=\"_blank\" rel=\"noopener\"><strong>Scavi archeologici di Ercolano<\/strong><\/a> organizzeranno due mostre diffuse. Una dal titolo &#8220;L&#8217;ebanistica e l&#8217;arte dell&#8217;arredo ligneo&#8221; e la seconda &#8220;La civilt\u00e0 del cibo ed i piaceri della tavola nell&#8217;antica Ercolano&#8221;. Impegnativo sar\u00e0 il nuovo anno anche sotto il profilo del restauro, recupero e manutenzione dell&#8217;area archeologica, in prosecuzione di quanto fin qui gi\u00e0 realizzato e progettato anche con il sostegno di . Il parco si apre\u00a0anche alla comunicazione moderna con nuovi canali web, aperitivi e conferenze all&#8217;inaugurato Antiquarium,\u00a0 serate estive con suggestive visite all&#8217;antica citt\u00e0, rassegne artistiche, visite al teatro antico nelle viscere dell&#8217;antica Ercolano, Cantieri didattici con restauri aperti, Laboratori di oreficeria in legame con la mostra SplendOri e Pomeriggi al Parco a ingresso gratuito.<\/p>\n<p>&nbsp;<\/p>","protected":false},"excerpt":{"rendered":"<p>Sorry, this entry is only available in Italiano.Gli Scavi archeologici di Ercolano festeggiano un 2018 in decisa crescita di presenze, attivit\u00e0 culturali e divulgative, con l&#8217;avvio del recupero e manutenzione di aree dissestate e un adeguamento amministrativo alla pianta organica. Con 534.328 visitatori, l&#8217;anno passato ha fatto registrare il record con un incremento di quasi [&hellip;]<\/p>\n","protected":false},"author":5,"featured_media":28621,"comment_status":"closed","ping_status":"open","sticky":false,"template":"","format":"standard","meta":{"_jetpack_newsletter_access":"","_jetpack_dont_email_post_to_subs":false,"_jetpack_newsletter_tier_id":0,"_jetpack_memberships_contains_paywalled_content":false,"_jetpack_memberships_contains_paid_content":false,"footnotes":""},"categories":[11,54],"tags":[3979,2372,4487,290],"class_list":["post-28618","post","type-post","status-publish","format-standard","has-post-thumbnail","hentry","category-news","category-scavi-archeologici","tag-antiquarium-di-ercolano","tag-area-archeologica-ercolano","tag-scavi-archeologici-ercolano","tag-scavi-archeologici-pompei"],"yoast_head":"<!-- This site is optimized with the Yoast SEO plugin v27.5 - https:\/\/yoast.com\/product\/yoast-seo-wordpress\/ -->\n<title>Scavi archeologici di Ercolano, oltre mezzo milione di visitatori - Charme<\/title>\n<meta name=\"description\" content=\"Visitatori nel 2018, +9%. Il direttore Francesco Sirano fa il bilancio del 2018 e lancia il programma 2019 degli Scavi archeologici di Ercolano - Charme\" \/>\n<meta name=\"robots\" content=\"index, follow, max-snippet:-1, max-image-preview:large, max-video-preview:-1\" \/>\n<link rel=\"canonical\" href=\"https:\/\/www.charmenapoli.it\/news\/scavi-archeologici-di-ercolano-visitatori-2018\/\" \/>\n<meta property=\"og:locale\" content=\"en_US\" \/>\n<meta property=\"og:type\" content=\"article\" \/>\n<meta property=\"og:title\" content=\"Scavi archeologici di Ercolano, oltre mezzo milione di visitatori - Charme\" \/>\n<meta property=\"og:description\" content=\"Visitatori nel 2018, +9%. Il direttore Francesco Sirano fa il bilancio del 2018 e lancia il programma 2019 degli Scavi archeologici di Ercolano - Charme\" \/>\n<meta property=\"og:url\" content=\"https:\/\/www.charmenapoli.it\/news\/scavi-archeologici-di-ercolano-visitatori-2018\/\" \/>\n<meta property=\"og:site_name\" content=\"Charme\" \/>\n<meta property=\"article:publisher\" content=\"https:\/\/www.facebook.com\/CharmeTuttoilbellodiNapoli?fref=ts\" \/>\n<meta property=\"article:published_time\" content=\"2019-01-15T18:43:08+00:00\" \/>\n<meta property=\"article:modified_time\" content=\"2019-01-15T18:50:40+00:00\" \/>\n<meta property=\"og:image\" content=\"https:\/\/www.charmenapoli.it\/wp-content\/uploads\/2019\/01\/scavi_di_ercolano.jpg\" \/>\n\t<meta property=\"og:image:width\" content=\"900\" \/>\n\t<meta property=\"og:image:height\" content=\"612\" \/>\n\t<meta property=\"og:image:type\" content=\"image\/jpeg\" \/>\n<meta name=\"author\" content=\"Giorgio Gradogna\" \/>\n<meta name=\"twitter:card\" content=\"summary_large_image\" \/>\n<meta name=\"twitter:creator\" content=\"@CharmeNapoli\" \/>\n<meta name=\"twitter:site\" content=\"@CharmeNapoli\" \/>\n<meta name=\"twitter:label1\" content=\"Written by\" \/>\n\t<meta name=\"twitter:data1\" content=\"Giorgio Gradogna\" \/>\n\t<meta name=\"twitter:label2\" content=\"Est. reading time\" \/>\n\t<meta name=\"twitter:data2\" content=\"4 minutes\" \/>\n<script type=\"application\/ld+json\" class=\"yoast-schema-graph\">{\"@context\":\"https:\\\/\\\/schema.org\",\"@graph\":[{\"@type\":\"Article\",\"@id\":\"https:\\\/\\\/www.charmenapoli.it\\\/news\\\/scavi-archeologici-di-ercolano-visitatori-2018\\\/#article\",\"isPartOf\":{\"@id\":\"https:\\\/\\\/www.charmenapoli.it\\\/news\\\/scavi-archeologici-di-ercolano-visitatori-2018\\\/\"},\"author\":{\"name\":\"Giorgio Gradogna\",\"@id\":\"https:\\\/\\\/www.charmenapoli.it\\\/#\\\/schema\\\/person\\\/ec7c2e94b77c1e258a8ff6d0a356e7eb\"},\"headline\":\"(Italiano) Scavi archeologici di Ercolano, superato mezzo milione di visitatori\",\"datePublished\":\"2019-01-15T18:43:08+00:00\",\"dateModified\":\"2019-01-15T18:50:40+00:00\",\"mainEntityOfPage\":{\"@id\":\"https:\\\/\\\/www.charmenapoli.it\\\/news\\\/scavi-archeologici-di-ercolano-visitatori-2018\\\/\"},\"wordCount\":750,\"publisher\":{\"@id\":\"https:\\\/\\\/www.charmenapoli.it\\\/#organization\"},\"image\":{\"@id\":\"https:\\\/\\\/www.charmenapoli.it\\\/news\\\/scavi-archeologici-di-ercolano-visitatori-2018\\\/#primaryimage\"},\"thumbnailUrl\":\"https:\\\/\\\/www.charmenapoli.it\\\/wp-content\\\/uploads\\\/2019\\\/01\\\/scavi_di_ercolano.jpg\",\"keywords\":[\"Antiquarium di Ercolano\",\"area archeologica Ercolano\",\"scavi archeologici ercolano\",\"Scavi archeologici Pompei\"],\"articleSection\":[\"News\",\"Excavations\"],\"inLanguage\":\"en-US\"},{\"@type\":\"WebPage\",\"@id\":\"https:\\\/\\\/www.charmenapoli.it\\\/news\\\/scavi-archeologici-di-ercolano-visitatori-2018\\\/\",\"url\":\"https:\\\/\\\/www.charmenapoli.it\\\/news\\\/scavi-archeologici-di-ercolano-visitatori-2018\\\/\",\"name\":\"Scavi archeologici di Ercolano, oltre mezzo milione di visitatori - Charme\",\"isPartOf\":{\"@id\":\"https:\\\/\\\/www.charmenapoli.it\\\/#website\"},\"primaryImageOfPage\":{\"@id\":\"https:\\\/\\\/www.charmenapoli.it\\\/news\\\/scavi-archeologici-di-ercolano-visitatori-2018\\\/#primaryimage\"},\"image\":{\"@id\":\"https:\\\/\\\/www.charmenapoli.it\\\/news\\\/scavi-archeologici-di-ercolano-visitatori-2018\\\/#primaryimage\"},\"thumbnailUrl\":\"https:\\\/\\\/www.charmenapoli.it\\\/wp-content\\\/uploads\\\/2019\\\/01\\\/scavi_di_ercolano.jpg\",\"datePublished\":\"2019-01-15T18:43:08+00:00\",\"dateModified\":\"2019-01-15T18:50:40+00:00\",\"description\":\"Visitatori nel 2018, +9%. Il direttore Francesco Sirano fa il bilancio del 2018 e lancia il programma 2019 degli Scavi archeologici di Ercolano - Charme\",\"breadcrumb\":{\"@id\":\"https:\\\/\\\/www.charmenapoli.it\\\/news\\\/scavi-archeologici-di-ercolano-visitatori-2018\\\/#breadcrumb\"},\"inLanguage\":\"en-US\",\"potentialAction\":[{\"@type\":\"ReadAction\",\"target\":[\"https:\\\/\\\/www.charmenapoli.it\\\/news\\\/scavi-archeologici-di-ercolano-visitatori-2018\\\/\"]}]},{\"@type\":\"ImageObject\",\"inLanguage\":\"en-US\",\"@id\":\"https:\\\/\\\/www.charmenapoli.it\\\/news\\\/scavi-archeologici-di-ercolano-visitatori-2018\\\/#primaryimage\",\"url\":\"https:\\\/\\\/www.charmenapoli.it\\\/wp-content\\\/uploads\\\/2019\\\/01\\\/scavi_di_ercolano.jpg\",\"contentUrl\":\"https:\\\/\\\/www.charmenapoli.it\\\/wp-content\\\/uploads\\\/2019\\\/01\\\/scavi_di_ercolano.jpg\",\"width\":900,\"height\":612},{\"@type\":\"BreadcrumbList\",\"@id\":\"https:\\\/\\\/www.charmenapoli.it\\\/news\\\/scavi-archeologici-di-ercolano-visitatori-2018\\\/#breadcrumb\",\"itemListElement\":[{\"@type\":\"ListItem\",\"position\":1,\"name\":\"Home\",\"item\":\"https:\\\/\\\/www.charmenapoli.it\\\/\"},{\"@type\":\"ListItem\",\"position\":2,\"name\":\"Scavi archeologici di Ercolano, superato mezzo milione di visitatori\"}]},{\"@type\":\"WebSite\",\"@id\":\"https:\\\/\\\/www.charmenapoli.it\\\/#website\",\"url\":\"https:\\\/\\\/www.charmenapoli.it\\\/\",\"name\":\"Charme\",\"description\":\"Tutto il bello e il buono di Napoli e della Campania\",\"publisher\":{\"@id\":\"https:\\\/\\\/www.charmenapoli.it\\\/#organization\"},\"potentialAction\":[{\"@type\":\"SearchAction\",\"target\":{\"@type\":\"EntryPoint\",\"urlTemplate\":\"https:\\\/\\\/www.charmenapoli.it\\\/?s={search_term_string}\"},\"query-input\":{\"@type\":\"PropertyValueSpecification\",\"valueRequired\":true,\"valueName\":\"search_term_string\"}}],\"inLanguage\":\"en-US\"},{\"@type\":\"Organization\",\"@id\":\"https:\\\/\\\/www.charmenapoli.it\\\/#organization\",\"name\":\"Sisicom soc. coop.\",\"url\":\"https:\\\/\\\/www.charmenapoli.it\\\/\",\"logo\":{\"@type\":\"ImageObject\",\"inLanguage\":\"en-US\",\"@id\":\"https:\\\/\\\/www.charmenapoli.it\\\/#\\\/schema\\\/logo\\\/image\\\/\",\"url\":\"https:\\\/\\\/www.charmenapoli.it\\\/wp-content\\\/uploads\\\/2017\\\/02\\\/logo_web_home_200.png\",\"contentUrl\":\"https:\\\/\\\/www.charmenapoli.it\\\/wp-content\\\/uploads\\\/2017\\\/02\\\/logo_web_home_200.png\",\"width\":272,\"height\":90,\"caption\":\"Sisicom soc. coop.\"},\"image\":{\"@id\":\"https:\\\/\\\/www.charmenapoli.it\\\/#\\\/schema\\\/logo\\\/image\\\/\"},\"sameAs\":[\"https:\\\/\\\/www.facebook.com\\\/CharmeTuttoilbellodiNapoli?fref=ts\",\"https:\\\/\\\/x.com\\\/CharmeNapoli\",\"https:\\\/\\\/www.instagram.com\\\/charmenapoli\\\/\",\"https:\\\/\\\/it.pinterest.com\\\/UnaMostra\\\/charmenapoliit\\\/\"]},{\"@type\":\"Person\",\"@id\":\"https:\\\/\\\/www.charmenapoli.it\\\/#\\\/schema\\\/person\\\/ec7c2e94b77c1e258a8ff6d0a356e7eb\",\"name\":\"Giorgio Gradogna\",\"image\":{\"@type\":\"ImageObject\",\"inLanguage\":\"en-US\",\"@id\":\"https:\\\/\\\/secure.gravatar.com\\\/avatar\\\/5fd38e0acd18294d13fcf5f873b2172aa135607a9dafbab41270a01382c9ec43?s=96&d=mm&r=g\",\"url\":\"https:\\\/\\\/secure.gravatar.com\\\/avatar\\\/5fd38e0acd18294d13fcf5f873b2172aa135607a9dafbab41270a01382c9ec43?s=96&d=mm&r=g\",\"contentUrl\":\"https:\\\/\\\/secure.gravatar.com\\\/avatar\\\/5fd38e0acd18294d13fcf5f873b2172aa135607a9dafbab41270a01382c9ec43?s=96&d=mm&r=g\",\"caption\":\"Giorgio Gradogna\"},\"url\":\"https:\\\/\\\/www.charmenapoli.it\\\/en\\\/author\\\/giorgio\\\/\"}]}<\/script>\n<!-- \/ Yoast SEO plugin. -->","yoast_head_json":{"title":"Scavi archeologici di Ercolano, oltre mezzo milione di visitatori - Charme","description":"Visitatori nel 2018, +9%. Il direttore Francesco Sirano fa il bilancio del 2018 e lancia il programma 2019 degli Scavi archeologici di Ercolano - Charme","robots":{"index":"index","follow":"follow","max-snippet":"max-snippet:-1","max-image-preview":"max-image-preview:large","max-video-preview":"max-video-preview:-1"},"canonical":"https:\/\/www.charmenapoli.it\/news\/scavi-archeologici-di-ercolano-visitatori-2018\/","og_locale":"en_US","og_type":"article","og_title":"Scavi archeologici di Ercolano, oltre mezzo milione di visitatori - Charme","og_description":"Visitatori nel 2018, +9%. Il direttore Francesco Sirano fa il bilancio del 2018 e lancia il programma 2019 degli Scavi archeologici di Ercolano - Charme","og_url":"https:\/\/www.charmenapoli.it\/news\/scavi-archeologici-di-ercolano-visitatori-2018\/","og_site_name":"Charme","article_publisher":"https:\/\/www.facebook.com\/CharmeTuttoilbellodiNapoli?fref=ts","article_published_time":"2019-01-15T18:43:08+00:00","article_modified_time":"2019-01-15T18:50:40+00:00","og_image":[{"width":900,"height":612,"url":"https:\/\/www.charmenapoli.it\/wp-content\/uploads\/2019\/01\/scavi_di_ercolano.jpg","type":"image\/jpeg"}],"author":"Giorgio Gradogna","twitter_card":"summary_large_image","twitter_creator":"@CharmeNapoli","twitter_site":"@CharmeNapoli","twitter_misc":{"Written by":"Giorgio Gradogna","Est. reading time":"4 minutes"},"schema":{"@context":"https:\/\/schema.org","@graph":[{"@type":"Article","@id":"https:\/\/www.charmenapoli.it\/news\/scavi-archeologici-di-ercolano-visitatori-2018\/#article","isPartOf":{"@id":"https:\/\/www.charmenapoli.it\/news\/scavi-archeologici-di-ercolano-visitatori-2018\/"},"author":{"name":"Giorgio Gradogna","@id":"https:\/\/www.charmenapoli.it\/#\/schema\/person\/ec7c2e94b77c1e258a8ff6d0a356e7eb"},"headline":"(Italiano) Scavi archeologici di Ercolano, superato mezzo milione di visitatori","datePublished":"2019-01-15T18:43:08+00:00","dateModified":"2019-01-15T18:50:40+00:00","mainEntityOfPage":{"@id":"https:\/\/www.charmenapoli.it\/news\/scavi-archeologici-di-ercolano-visitatori-2018\/"},"wordCount":750,"publisher":{"@id":"https:\/\/www.charmenapoli.it\/#organization"},"image":{"@id":"https:\/\/www.charmenapoli.it\/news\/scavi-archeologici-di-ercolano-visitatori-2018\/#primaryimage"},"thumbnailUrl":"https:\/\/www.charmenapoli.it\/wp-content\/uploads\/2019\/01\/scavi_di_ercolano.jpg","keywords":["Antiquarium di Ercolano","area archeologica Ercolano","scavi archeologici ercolano","Scavi archeologici Pompei"],"articleSection":["News","Excavations"],"inLanguage":"en-US"},{"@type":"WebPage","@id":"https:\/\/www.charmenapoli.it\/news\/scavi-archeologici-di-ercolano-visitatori-2018\/","url":"https:\/\/www.charmenapoli.it\/news\/scavi-archeologici-di-ercolano-visitatori-2018\/","name":"Scavi archeologici di Ercolano, oltre mezzo milione di visitatori - Charme","isPartOf":{"@id":"https:\/\/www.charmenapoli.it\/#website"},"primaryImageOfPage":{"@id":"https:\/\/www.charmenapoli.it\/news\/scavi-archeologici-di-ercolano-visitatori-2018\/#primaryimage"},"image":{"@id":"https:\/\/www.charmenapoli.it\/news\/scavi-archeologici-di-ercolano-visitatori-2018\/#primaryimage"},"thumbnailUrl":"https:\/\/www.charmenapoli.it\/wp-content\/uploads\/2019\/01\/scavi_di_ercolano.jpg","datePublished":"2019-01-15T18:43:08+00:00","dateModified":"2019-01-15T18:50:40+00:00","description":"Visitatori nel 2018, +9%. Il direttore Francesco Sirano fa il bilancio del 2018 e lancia il programma 2019 degli Scavi archeologici di Ercolano - Charme","breadcrumb":{"@id":"https:\/\/www.charmenapoli.it\/news\/scavi-archeologici-di-ercolano-visitatori-2018\/#breadcrumb"},"inLanguage":"en-US","potentialAction":[{"@type":"ReadAction","target":["https:\/\/www.charmenapoli.it\/news\/scavi-archeologici-di-ercolano-visitatori-2018\/"]}]},{"@type":"ImageObject","inLanguage":"en-US","@id":"https:\/\/www.charmenapoli.it\/news\/scavi-archeologici-di-ercolano-visitatori-2018\/#primaryimage","url":"https:\/\/www.charmenapoli.it\/wp-content\/uploads\/2019\/01\/scavi_di_ercolano.jpg","contentUrl":"https:\/\/www.charmenapoli.it\/wp-content\/uploads\/2019\/01\/scavi_di_ercolano.jpg","width":900,"height":612},{"@type":"BreadcrumbList","@id":"https:\/\/www.charmenapoli.it\/news\/scavi-archeologici-di-ercolano-visitatori-2018\/#breadcrumb","itemListElement":[{"@type":"ListItem","position":1,"name":"Home","item":"https:\/\/www.charmenapoli.it\/"},{"@type":"ListItem","position":2,"name":"Scavi archeologici di Ercolano, superato mezzo milione di visitatori"}]},{"@type":"WebSite","@id":"https:\/\/www.charmenapoli.it\/#website","url":"https:\/\/www.charmenapoli.it\/","name":"Charme","description":"Tutto il bello e il buono di Napoli e della Campania","publisher":{"@id":"https:\/\/www.charmenapoli.it\/#organization"},"potentialAction":[{"@type":"SearchAction","target":{"@type":"EntryPoint","urlTemplate":"https:\/\/www.charmenapoli.it\/?s={search_term_string}"},"query-input":{"@type":"PropertyValueSpecification","valueRequired":true,"valueName":"search_term_string"}}],"inLanguage":"en-US"},{"@type":"Organization","@id":"https:\/\/www.charmenapoli.it\/#organization","name":"Sisicom soc. coop.","url":"https:\/\/www.charmenapoli.it\/","logo":{"@type":"ImageObject","inLanguage":"en-US","@id":"https:\/\/www.charmenapoli.it\/#\/schema\/logo\/image\/","url":"https:\/\/www.charmenapoli.it\/wp-content\/uploads\/2017\/02\/logo_web_home_200.png","contentUrl":"https:\/\/www.charmenapoli.it\/wp-content\/uploads\/2017\/02\/logo_web_home_200.png","width":272,"height":90,"caption":"Sisicom soc. coop."},"image":{"@id":"https:\/\/www.charmenapoli.it\/#\/schema\/logo\/image\/"},"sameAs":["https:\/\/www.facebook.com\/CharmeTuttoilbellodiNapoli?fref=ts","https:\/\/x.com\/CharmeNapoli","https:\/\/www.instagram.com\/charmenapoli\/","https:\/\/it.pinterest.com\/UnaMostra\/charmenapoliit\/"]},{"@type":"Person","@id":"https:\/\/www.charmenapoli.it\/#\/schema\/person\/ec7c2e94b77c1e258a8ff6d0a356e7eb","name":"Giorgio Gradogna","image":{"@type":"ImageObject","inLanguage":"en-US","@id":"https:\/\/secure.gravatar.com\/avatar\/5fd38e0acd18294d13fcf5f873b2172aa135607a9dafbab41270a01382c9ec43?s=96&d=mm&r=g","url":"https:\/\/secure.gravatar.com\/avatar\/5fd38e0acd18294d13fcf5f873b2172aa135607a9dafbab41270a01382c9ec43?s=96&d=mm&r=g","contentUrl":"https:\/\/secure.gravatar.com\/avatar\/5fd38e0acd18294d13fcf5f873b2172aa135607a9dafbab41270a01382c9ec43?s=96&d=mm&r=g","caption":"Giorgio Gradogna"},"url":"https:\/\/www.charmenapoli.it\/en\/author\/giorgio\/"}]}},"jetpack_featured_media_url":"https:\/\/www.charmenapoli.it\/wp-content\/uploads\/2019\/01\/scavi_di_ercolano.jpg","jetpack_shortlink":"https:\/\/wp.me\/p31YDy-7rA","jetpack_sharing_enabled":true,"_links":{"self":[{"href":"https:\/\/www.charmenapoli.it\/en\/wp-json\/wp\/v2\/posts\/28618","targetHints":{"allow":["GET"]}}],"collection":[{"href":"https:\/\/www.charmenapoli.it\/en\/wp-json\/wp\/v2\/posts"}],"about":[{"href":"https:\/\/www.charmenapoli.it\/en\/wp-json\/wp\/v2\/types\/post"}],"author":[{"embeddable":true,"href":"https:\/\/www.charmenapoli.it\/en\/wp-json\/wp\/v2\/users\/5"}],"replies":[{"embeddable":true,"href":"https:\/\/www.charmenapoli.it\/en\/wp-json\/wp\/v2\/comments?post=28618"}],"version-history":[{"count":0,"href":"https:\/\/www.charmenapoli.it\/en\/wp-json\/wp\/v2\/posts\/28618\/revisions"}],"wp:featuredmedia":[{"embeddable":true,"href":"https:\/\/www.charmenapoli.it\/en\/wp-json\/wp\/v2\/media\/28621"}],"wp:attachment":[{"href":"https:\/\/www.charmenapoli.it\/en\/wp-json\/wp\/v2\/media?parent=28618"}],"wp:term":[{"taxonomy":"category","embeddable":true,"href":"https:\/\/www.charmenapoli.it\/en\/wp-json\/wp\/v2\/categories?post=28618"},{"taxonomy":"post_tag","embeddable":true,"href":"https:\/\/www.charmenapoli.it\/en\/wp-json\/wp\/v2\/tags?post=28618"}],"curies":[{"name":"wp","href":"https:\/\/api.w.org\/{rel}","templated":true}]}}